{"id":908,"date":"2026-02-03T09:30:12","date_gmt":"2026-02-03T12:30:12","guid":{"rendered":"http:\/\/www.imulti.com.br\/?p=908"},"modified":"2026-02-03T11:31:07","modified_gmt":"2026-02-03T14:31:07","slug":"novas-turmas-no-curso-de-coreano","status":"publish","type":"post","link":"https:\/\/www.imulti.com.br\/site2016\/novas-turmas-no-curso-de-coreano\/","title":{"rendered":"Turmas de L\u00edngua Japonesa no primeiro semestre de 2026!"},"content":{"rendered":"<p>&nbsp;<\/p>\n<h2>Quero come\u00e7ar a aprender Japon\u00eas!<\/h2>\n<p><span>Empolgado para aprender japon\u00eas? Fique ligado no <strong>curso de l\u00edngua japonesa<\/strong> do Imulti!<\/span><\/p>\n<h3><span>Mas&#8230; n\u00e3o sei nada de nada de Japon\u00eas. Tem turmas novas?<\/span><\/h3>\n<p>O IMULTI sempre est\u00e1 formando novas <strong>turmas iniciantes\u00a0do curso de l\u00edngua japonesa<\/strong>, que partem do zero<strong>. <\/strong>Aproveite para pedir informa\u00e7\u00f5es e se matricular numa turma de japon\u00eas!<\/p>\n<p>Estamos com matr\u00edculas abertas em novas <span><span class=\"v1v1v1v1v1v1v1v1v1v1v1v1il\">TURMAS<\/span> <\/span>do est\u00e1gio<span>\u00a0B\u00c1SICO 1<\/span>\u00a0do curso de<span>\u00a0<span class=\"v1v1v1v1v1v1v1v1v1v1v1v1il\">JAPON\u00caS<\/span><\/span>\u00a0na modalidade<span>\u00a0GRUPO REDUZIDO (4 a 16 alunos)<\/span>. Ser\u00e3o turmas com <strong>aulas<\/strong><span> presenciais <\/span>e possibilidade de participa\u00e7\u00e3o de alunos <strong>\u00e0 dist\u00e2ncia<\/strong> <strong>(turma h\u00edbrida)<\/strong> e uma turma \u00e0 noite<strong> exclusivamente com aulas ao vivo \u00e0 dist\u00e2ncia<\/strong>.<\/p>\n<p>O m\u00e9todo de ensino do curso de\u00a0<span><span class=\"v1v1v1v1v1v1v1v1v1v1v1v1il\">JAPON\u00caS<\/span><\/span>\u00a0tem \u00eanfase na conversa\u00e7\u00e3o e proporciona a forma\u00e7\u00e3o completa do aluno na leitura, escrita e gram\u00e1tica. O curso \u00e9 dividido em 06 est\u00e1gios at\u00e9 o n\u00edvel Intermedi\u00e1rio, momento em que o aluno j\u00e1 consegue se comunicar de forma adequada em situa\u00e7\u00f5es do cotidiano. A partir do s\u00e9timo est\u00e1gio \u00e9 escolhido o material did\u00e1tico que seja mais adequado ao objetivo do aluno em rela\u00e7\u00e3o ao aprendizado do idioma.<\/p>\n<p>As novas\u00a0<span class=\"v1v1v1v1v1v1v1v1v1v1v1v1il\">turmas<\/span>\u00a0de\u00a0<span class=\"v1v1v1v1v1v1v1v1v1v1v1v1il\">Japon\u00eas<\/span>\u00a0do primeiro est\u00e1gio B\u00e1sico 1 ser\u00e3o nos seguintes hor\u00e1rios:<\/p>\n<p style=\"text-align: center;\"><span><strong>MANH\u00c3<\/strong>:<\/span><strong> Segundas-feiras das 10h00 \u00e0s 11h30<\/strong>, com previs\u00e3o de in\u00edcio no dia <span>09\/03\/2026 (turma presencial\/h\u00edbrida)<\/span>;<\/p>\n<p style=\"text-align: center;\">\u00a0<span><strong>TARDE<\/strong>:<\/span><strong> Quintas-feiras das 14h00 \u00e0s 15h30<\/strong>, com previs\u00e3o de in\u00edcio no dia <span>12\/03\/2026 (turma presencial\/h\u00edbrida);<\/span><\/p>\n<p style=\"text-align: center;\"><span><strong>NOITE<\/strong>:<\/span>\u00a0<strong>Sextas-feiras das 20h30 \u00e0s 22h00<\/strong>, com previs\u00e3o de in\u00edcio no dia <span>13\/03\/2026 <\/span><span>(turma exclusivamente \u00e0 dist\u00e2ncia)<\/span>;<\/p>\n<p style=\"text-align: center;\"><span><strong>S\u00c1BADO<\/strong>: <strong>13h30 \u00e0s 15h00<\/strong><\/span>, com previs\u00e3o de in\u00edcio no dia\u00a0<span>07\/03\/2026 (turma presencial\/h\u00edbrida).<\/span><\/p>\n<p>Na modalidade\u00a0<span>GRUPO REDUZIDO (4 a 16 alunos)<\/span>\u00a0a dura\u00e7\u00e3o do est\u00e1gio \u00e9 de 5 meses, sendo uma aula por semana de 1h30.<\/p>\n<p>Para outros dias e hor\u00e1rios, oferecemos o curso presencial ou \u00e0 dist\u00e2ncia nas modalidades <strong>GRUPO ESPECIAL (2 a 3 alunos)<\/strong> e <strong>VIP (individual personalizado)<\/strong>. Nestas duas modalidades de aulas as matr\u00edculas est\u00e3o abertas durante o ano todo e o in\u00edcio das aulas \u00e9 imediato (4 a 5 dias ap\u00f3s a matr\u00edcula) e a disponibilidade de hor\u00e1rios \u00e9 sob consulta.<\/p>\n<h2>Quero saber os pre\u00e7os e\u00a0me matricular! Como fa\u00e7o?<\/h2>\n<p><a href=\"http:\/\/imulti.com.br\/contato\/\" target=\"_blank\" rel=\"noopener\">Entre em contato<\/a><span>\u00a0<\/span>com a Secretaria da escola e pe\u00e7a mais informa\u00e7\u00f5es a respeito do<span>\u00a0<\/span><strong>curso de japon\u00eas<\/strong>!<\/p>\n<p>No momento o atendimento presencial \u00e9 de segunda-feira a quarta-feira das 8h30 \u00e0s 19h, quinta-feira das 8h30 \u00e0s 12h30 e das 13h30 \u00e0s 19h, sexta-feira das 8h30 \u00e0s 14h30 e aos s\u00e1bados das 8h30 \u00e0s 16h30. Tamb\u00e9m atendemos atrav\u00e9s dos <strong>e-mails da escola (<a href=\"mailto:imultiliberdade@gmail.com\" rel=\"noreferrer\">imultiliberdade@gmail.com<\/a> ou <a href=\"mailto:atendimento@imulti.com.br\" rel=\"noreferrer\">atendimento@imulti.com.br<\/a>) ou WhatsApp (99662-9996)<\/strong>.<\/p>\n<h3><span>Mas eu j\u00e1 sei um pouquinho de japon\u00eas&#8230; posso entrar numa turma em andamento?<\/span><\/h3>\n<p>Claro! Caso j\u00e1 tenha conhecimento do <strong>Hiragana, Katakana ou Kanji<\/strong>, entre em contato com a escola e pe\u00e7a para fazer um<strong> teste de nivelamento<\/strong>. O mais importante \u00e9 que voc\u00ea se encaixe no n\u00edvel adequado para fazer seu <strong>estudo de japon\u00eas <\/strong>mais produtivo e motivante.<\/p>\n","protected":false},"excerpt":{"rendered":"<p>&nbsp; Quero come\u00e7ar a aprender Japon\u00eas! Empolgado para aprender japon\u00eas? Fique ligado no curso de l\u00edngua japonesa do Imulti! Mas&#8230; n\u00e3o sei nada de nada de Japon\u00eas. Tem turmas novas? [&hellip;]<\/p>\n","protected":false},"author":3,"featured_media":0,"comment_status":"closed","ping_status":"closed","sticky":false,"template":"","format":"standard","meta":{"_mi_skip_tracking":false,"_exactmetrics_sitenote_active":false,"_exactmetrics_sitenote_note":"","_exactmetrics_sitenote_category":0},"categories":[2,1],"tags":[12,17,18],"_links":{"self":[{"href":"https:\/\/www.imulti.com.br\/site2016\/wp-json\/wp\/v2\/posts\/908"}],"collection":[{"href":"https:\/\/www.imulti.com.br\/site2016\/wp-json\/wp\/v2\/posts"}],"about":[{"href":"https:\/\/www.imulti.com.br\/site2016\/wp-json\/wp\/v2\/types\/post"}],"author":[{"embeddable":true,"href":"https:\/\/www.imulti.com.br\/site2016\/wp-json\/wp\/v2\/users\/3"}],"replies":[{"embeddable":true,"href":"https:\/\/www.imulti.com.br\/site2016\/wp-json\/wp\/v2\/comments?post=908"}],"version-history":[{"count":111,"href":"https:\/\/www.imulti.com.br\/site2016\/wp-json\/wp\/v2\/posts\/908\/revisions"}],"predecessor-version":[{"id":1378,"href":"https:\/\/www.imulti.com.br\/site2016\/wp-json\/wp\/v2\/posts\/908\/revisions\/1378"}],"wp:attachment":[{"href":"https:\/\/www.imulti.com.br\/site2016\/wp-json\/wp\/v2\/media?parent=908"}],"wp:term":[{"taxonomy":"category","embeddable":true,"href":"https:\/\/www.imulti.com.br\/site2016\/wp-json\/wp\/v2\/categories?post=908"},{"taxonomy":"post_tag","embeddable":true,"href":"https:\/\/www.imulti.com.br\/site2016\/wp-json\/wp\/v2\/tags?post=908"}],"curies":[{"name":"wp","href":"https:\/\/api.w.org\/{rel}","templated":true}]}}