{"id":698,"date":"2026-01-16T14:00:00","date_gmt":"2026-01-16T17:00:00","guid":{"rendered":"http:\/\/imulti.com.br\/?p=698"},"modified":"2026-01-16T14:04:44","modified_gmt":"2026-01-16T17:04:44","slug":"novas-turmas-de-lingua-coreana","status":"publish","type":"post","link":"https:\/\/www.imulti.com.br\/site2016\/novas-turmas-de-lingua-coreana\/","title":{"rendered":"Turmas Regulares de L\u00edngua Coreana em 2026!"},"content":{"rendered":"<p><a href=\"http:\/\/imulti.com.br\/site2016\/wp-content\/uploads\/2015\/09\/novas-turmas-kr.png\"><img loading=\"lazy\" alt=\"novas turmas coreano\" class=\"alignnone size-full wp-image-701\" data-id=\"701\" src=\"http:\/\/imulti.com.br\/site2016\/wp-content\/uploads\/2015\/09\/novas-turmas-kr.png\" width=\"503\" height=\"164\" srcset=\"https:\/\/www.imulti.com.br\/site2016\/wp-content\/uploads\/2015\/09\/novas-turmas-kr.png 503w, https:\/\/www.imulti.com.br\/site2016\/wp-content\/uploads\/2015\/09\/novas-turmas-kr-300x97.png 300w, https:\/\/www.imulti.com.br\/site2016\/wp-content\/uploads\/2015\/09\/novas-turmas-kr-168x55.png 168w, https:\/\/www.imulti.com.br\/site2016\/wp-content\/uploads\/2015\/09\/novas-turmas-kr-470x153.png 470w\" sizes=\"(max-width: 503px) 100vw, 503px\" \/><\/a><\/p>\n<h2>Quero come\u00e7ar a aprender Coreano!<\/h2>\n<p><span style=\"line-height: 1.6em;\">Empolgado para aprender coreano? Fique ligado no <strong>curso de l\u00edngua coreana<\/strong> do Imulti!<\/span><\/p>\n<h3><span style=\"color: #a52a2a;\">Mas&#8230; n\u00e3o sei nada de nada de Coreano. Tem turmas novas?<\/span><\/h3>\n<p>O IMULTI sempre est\u00e1 formando novas <strong>turmas iniciantes\u00a0do curso de l\u00edngua coreana<\/strong>, que partem do zero<strong>. <\/strong>Aproveite para pedir informa\u00e7\u00f5es e se matricular numa turma de coreano!<\/p>\n<p>O curso completo de <strong>COREANO<\/strong> \u00e9 dividido em 08 est\u00e1gios com \u00eanfase na conversa\u00e7\u00e3o, sendo tamb\u00e9m ensinada a leitura, escrita e a gram\u00e1tica coreana.<\/p>\n<p>Estamos com matr\u00edculas abertas em novas turmas regulares<span>\u00a0<\/span>do est\u00e1gio<span>\u00a0B\u00c1SICO 1<\/span>\u00a0do curso de<span>\u00a0COREANO<\/span>\u00a0na modalidade<span>\u00a0GRUPO REDUZIDO (4 a 16 alunos)<\/span>. As aulas AO VIVO s\u00e3o <span>presenciais<\/span>\u00a0com possibilidade de participa\u00e7\u00e3o de alunos <strong>\u00e0 dist\u00e2ncia<\/strong> (<strong>turma h\u00edbrida<\/strong>).<\/p>\n<p>Na modalidade\u00a0<span>GRUPO REDUZIDO (4 a 16 alunos)<\/span>\u00a0a dura\u00e7\u00e3o do est\u00e1gio \u00e9 de\u00a0<span>5 meses<\/span>\u00a0(01 est\u00e1gio em at\u00e9 30 horas\/aula), sendo uma aula semanal de 1h30.<\/p>\n<p>As novas\u00a0<span>TURMAS REGULARES PRESENCIAIS <\/span>na unidade\u00a0<span>LIBERDADE<\/span>\u00a0ser\u00e3o nos seguintes dias e hor\u00e1rios:<span><br \/>\n<\/span><\/p>\n<p>&nbsp;<\/p>\n<p style=\"text-align: center;\"><strong>MANH\u00c3: Segundas-feiras das 9h30 \u00e0s 11h00 (in\u00edcio em 10\/03\/2026);<\/strong><\/p>\n<p><span>\u00a0<\/span><\/p>\n<p style=\"text-align: center;\"><strong>TARDE: Ter\u00e7as-feiras das 15h30 \u00e0s 17h00 (in\u00edcio em 10\/03\/2026);<\/strong><\/p>\n<p>&nbsp;<\/p>\n<p style=\"text-align: center;\"><strong>NOITE: Quintas-feiras das 19h00 \u00e0s 20h30 (in\u00edcio em 12\/03\/2026);<\/strong><\/p>\n<p>&nbsp;<\/p>\n<p style=\"text-align: center;\"><span><strong>S\u00c1BADO: das 9h00 \u00e0s 10h30 (in\u00edcio em 07\/03\/2026).<\/strong><br \/>\n<\/span><\/p>\n<p>&nbsp;<\/p>\n<h2>Quero saber os pre\u00e7os e\u00a0me matricular! Como fa\u00e7o?<\/h2>\n<p><a href=\"http:\/\/imulti.com.br\/contato\/\" target=\"_blank\" rel=\"noopener\">Entre em contato<\/a> com a Secretaria da escola e pe\u00e7a mais informa\u00e7\u00f5es a respeito das <strong>TURMAS REGULARES DE COREANO<\/strong>!<\/p>\n<p>No momento o <strong>atendimento presencial<\/strong> \u00e9 de segunda-feira a quinta-feira das 8h30 \u00e0s 19h, sexta-feira das 8h30 \u00e0s 14h30 e aos s\u00e1bados das 8h30 \u00e0s 16h30. Tamb\u00e9m atendemos atrav\u00e9s dos <strong>e-mails da escola (<a href=\"mailto:imultiliberdade@gmail.com\" rel=\"noreferrer\">imultiliberdade@gmail.com<\/a> ou <a href=\"mailto:atendimento@imulti.com.br\" rel=\"noreferrer\">atendimento<\/a><\/strong><strong><a href=\"mailto:atendimento@imulti.com.br\" rel=\"noreferrer\">@imulti.com.br<\/a>) ou WhatsApp (99662-9996)<\/strong>.<strong><\/strong><\/p>\n<h3><span style=\"color: #a52a2a;\">Mas eu j\u00e1 sei um pouquinho de coreano&#8230; posso entrar numa turma em andamento?<\/span><\/h3>\n<p>Claro! Caso j\u00e1 tenha conhecimento do <strong>Hangul<\/strong>, entre em contato com a escola e pe\u00e7a para fazer um<strong> teste de nivelamento<\/strong>. O mais importante \u00e9 que voc\u00ea se encaixe no n\u00edvel adequado para fazer seu <strong>estudo de coreano <\/strong>mais produtivo e motivante. \uc5f4\uc2ec\ud788 \uacf5\ubd80\ud558\uc138\uc694!<\/p>\n<p>&nbsp;<\/p>\n","protected":false},"excerpt":{"rendered":"<p>Quero come\u00e7ar a aprender Coreano! Empolgado para aprender coreano? Fique ligado no curso de l\u00edngua coreana do Imulti! Mas&#8230; n\u00e3o sei nada de nada de Coreano. Tem turmas novas? O [&hellip;]<\/p>\n","protected":false},"author":1,"featured_media":715,"comment_status":"closed","ping_status":"closed","sticky":false,"template":"","format":"standard","meta":{"_mi_skip_tracking":false,"_exactmetrics_sitenote_active":false,"_exactmetrics_sitenote_note":"","_exactmetrics_sitenote_category":0},"categories":[2],"tags":[9,10,12,8,11],"_links":{"self":[{"href":"https:\/\/www.imulti.com.br\/site2016\/wp-json\/wp\/v2\/posts\/698"}],"collection":[{"href":"https:\/\/www.imulti.com.br\/site2016\/wp-json\/wp\/v2\/posts"}],"about":[{"href":"https:\/\/www.imulti.com.br\/site2016\/wp-json\/wp\/v2\/types\/post"}],"author":[{"embeddable":true,"href":"https:\/\/www.imulti.com.br\/site2016\/wp-json\/wp\/v2\/users\/1"}],"replies":[{"embeddable":true,"href":"https:\/\/www.imulti.com.br\/site2016\/wp-json\/wp\/v2\/comments?post=698"}],"version-history":[{"count":168,"href":"https:\/\/www.imulti.com.br\/site2016\/wp-json\/wp\/v2\/posts\/698\/revisions"}],"predecessor-version":[{"id":1376,"href":"https:\/\/www.imulti.com.br\/site2016\/wp-json\/wp\/v2\/posts\/698\/revisions\/1376"}],"wp:featuredmedia":[{"embeddable":true,"href":"https:\/\/www.imulti.com.br\/site2016\/wp-json\/wp\/v2\/media\/715"}],"wp:attachment":[{"href":"https:\/\/www.imulti.com.br\/site2016\/wp-json\/wp\/v2\/media?parent=698"}],"wp:term":[{"taxonomy":"category","embeddable":true,"href":"https:\/\/www.imulti.com.br\/site2016\/wp-json\/wp\/v2\/categories?post=698"},{"taxonomy":"post_tag","embeddable":true,"href":"https:\/\/www.imulti.com.br\/site2016\/wp-json\/wp\/v2\/tags?post=698"}],"curies":[{"name":"wp","href":"https:\/\/api.w.org\/{rel}","templated":true}]}}