{"id":133,"date":"2025-05-24T09:00:43","date_gmt":"2025-05-24T12:00:43","guid":{"rendered":"http:\/\/imulti.com.br\/site2015\/?p=133"},"modified":"2025-05-24T12:53:21","modified_gmt":"2025-05-24T15:53:21","slug":"portugues-para-estrangeiros","status":"publish","type":"post","link":"https:\/\/www.imulti.com.br\/site2016\/portugues-para-estrangeiros\/","title":{"rendered":"Portugu\u00eas para Estrangeiros"},"content":{"rendered":"<p style=\"text-align: center;\"><div tabindex=\"0\" class=\"cycloneslider cycloneslider-template-standard cycloneslider-width-responsive\" id=\"cycloneslider-portugues-1\" style=\"max-width:684px\" > <div class=\"cycloneslider-slides cycle-slideshow\" data-cycle-allow-wrap=\"true\" data-cycle-dynamic-height=\"off\" data-cycle-auto-height=\"684:200\" data-cycle-auto-height-easing=\"null\" data-cycle-auto-height-speed=\"250\" data-cycle-delay=\"0\" data-cycle-easing=\"\" data-cycle-fx=\"fade\" data-cycle-hide-non-active=\"true\" data-cycle-log=\"false\" data-cycle-next=\"#cycloneslider-portugues-1 .cycloneslider-next\" data-cycle-pager=\"#cycloneslider-portugues-1 .cycloneslider-pager\" data-cycle-pause-on-hover=\"true\" data-cycle-prev=\"#cycloneslider-portugues-1 .cycloneslider-prev\" data-cycle-slides=\"&gt; div\" data-cycle-speed=\"1000\" data-cycle-swipe=\"1\" data-cycle-tile-count=\"7\" data-cycle-tile-delay=\"100\" data-cycle-tile-vertical=\"true\" data-cycle-timeout=\"2975\" > <div class=\"cycloneslider-slide cycloneslider-slide-image\" > <img src=\"https:\/\/www.imulti.com.br\/site2016\/wp-content\/uploads\/2014\/05\/banner-pt-01.jpg\" alt=\"\" title=\"\" \/> <\/div> <div class=\"cycloneslider-slide cycloneslider-slide-image\" > <img src=\"https:\/\/www.imulti.com.br\/site2016\/wp-content\/uploads\/2014\/05\/banner-pt-02.jpg\" alt=\"\" title=\"\" \/> <\/div> <div class=\"cycloneslider-slide cycloneslider-slide-image\" > <img src=\"https:\/\/www.imulti.com.br\/site2016\/wp-content\/uploads\/2014\/05\/banner-pt-03.jpg\" alt=\"\" title=\"\" \/> <\/div> <\/div> <div class=\"cycloneslider-pager\"><\/div> <a href=\"#\" class=\"cycloneslider-prev\"> <span class=\"arrow\"><\/span> <\/a> <a href=\"#\" class=\"cycloneslider-next\"> <span class=\"arrow\"><\/span> <\/a> <\/div><\/p>\n<h2>Curso de Portugu\u00eas para Estrangeiros <span style=\"font-size: 14px;\">(<em>Portuguese for Foreigners<\/em>)<\/span><\/h2>\n<h4><span style=\"color: #000000; font-family: 'lucida grande', tahoma, verdana, arial, sans-serif; font-size: 26px; line-height: 33px; text-align: center;\">\u270c<\/span><strong style=\"line-height: 1.2em; text-align: justify;\"><span style=\"font-size: 26px;\">\u00a0\u00a0<\/span>\u00a0 \u00a0P\u00fablico-alvo (<em>target public<\/em>)<\/strong><\/h4>\n<p style=\"margin-left: 40px;\"><span style=\"text-align: justify; line-height: 1.6em;\">O <strong>Curso de Portugu\u00eas para Estrangeiros<\/strong> tem como p\u00fablico-alvo adolescentes, jovens e adultos n\u00e3o brasileiros\u00a0interessados\u2028 em aprender o idioma falado no Brasil.<\/span><\/p>\n<p style=\"margin-left: 40px;\"><em><span style=\"text-align: justify; line-height: 1.6em;\">The Portuguese for Foreigners programmee&#8217;s target public are non-brazilian\u00a0teengers, young people and adults interested in learning the Brazilian language.<\/span><\/em><\/p>\n<h4><span style=\"color: #000000; font-family: 'lucida grande', tahoma, verdana, arial, sans-serif; font-size: 26px; line-height: 33px; text-align: center;\">\u270e<\/span><strong><span style=\"font-size: 26px;\"> \u00a0<\/span>\u00a0Dura\u00e7\u00e3o<\/strong><\/h4>\n<p style=\"font-size: 13px; text-align: justify; margin-left: 40px;\"><span style=\"font-size: 14px;\">O\u00a0<strong>Curso de Portugu\u00eas para Estrangeiros<\/strong> est\u00e1 dividido em 6 est\u00e1gios, cada um com dura\u00e7\u00e3o de 27h (VIP) a 30h (Grupo).\u00a0<\/span><\/p>\n<p style=\"font-size: 13px; text-align: justify; margin-left: 40px;\"><em><span style=\"font-size: 14px;\">The course has been divided in 6 stages, each one with 27h (VIP) to 30h (Group Class) long.<\/span><\/em><\/p>\n<ol style=\"font-size: 13px; margin-left: 40px;\">\n<li style=\"text-align: justify;\"><span style=\"font-size: 14px;\">B\u00e1sico 1 (<em>Basic 1 \/ A1<\/em>)<\/span><\/li>\n<li>B\u00e1sico 2<em> (Basic 2 \/ A2)<\/em><\/li>\n<li>Intermedi\u00e1rio 1 <em>(Intermediate 1 \/ B1)<\/em><\/li>\n<li style=\"text-align: justify;\"><span style=\"font-size: 14px;\">Intermedi\u00e1rio 2 (<em>Intermediate 2 \/ B2<\/em>)<\/span><\/li>\n<li style=\"text-align: justify;\"><span style=\"font-size: 14px;\">Avan\u00e7ado 1 (<em>Advanced 1 \/ C1<\/em>)<\/span><\/li>\n<li>Avan\u00e7ado 2<em> (Avanced 2\u00a0 \/ C2)<\/em><\/li>\n<\/ol>\n<h4><strong><span style=\"font-size: 26px;\">\u00a0\u2713 \u00a0<\/span>Abrang\u00eancia (<em>coverage<\/em>)<\/strong><\/h4>\n<p style=\"font-size: 13px; text-align: justify; margin-left: 40px;\"><span style=\"font-size: 14px;\"><span style=\"text-align: justify;\">O\u00a0<\/span><strong style=\"font-size: 13px; text-align: justify;\">curso de Portugu\u00eas para Estrangeiros<\/strong><span style=\"text-align: justify;\">\u00a0abrange todas as compet\u00eancias de aprendizado: leitura, escrita, conversa\u00e7\u00e3o e audi\u00e7\u00e3o.<\/span><\/span><\/p>\n<p style=\"font-size: 13px; text-align: justify; margin-left: 40px;\"><em><span style=\"font-size: 14px;\"><span style=\"text-align: justify;\">The course covers all the learning competences: reading, writing, conversation and listening.<\/span><\/span><\/em><\/p>\n<h4><strong><span style=\"font-size: 26px;\">\u260c<\/span>\u00a0 \u00a0Hor\u00e1rios (<em>time<\/em>)<\/strong><\/h4>\n<p style=\"margin-left: 40px;\"><span style=\"font-size: 14px;\"><span style=\"text-align: justify;\">Normalmente as aulas de\u00a0<\/span><strong style=\"font-size: 13px; text-align: justify;\">Portugu\u00eas para Estrangeiros<\/strong><span style=\"text-align: justify;\">\u00a0s\u00e3o realizadas individualmente.\u00a0<\/span><a href=\"http:\/\/imulti.com.br\/site2015\/contato\/\" style=\"font-size: 13px; text-align: justify;\">Entre em contato<\/a><span style=\"text-align: justify;\">\u00a0para mais informa\u00e7\u00f5es.<\/span><\/span><\/p>\n<p style=\"margin-left: 40px;\"><em><span style=\"font-size: 14px;\"><span style=\"text-align: justify;\">The classes are usually given on an individual basis. <a href=\"http:\/\/imulti.com.br\/site2015\/contato\/\" target=\"_blank\" rel=\"noopener\">Contact us<\/a> for more information.<\/span><\/span><\/em><\/p>\n<h4><strong><span style=\"font-size: 26px;\">\u273e<\/span>\u00a0 \u00a0 Doc\u00eancia (<em>teaching<\/em>)<\/strong><\/h4>\n<p style=\"font-size: 13px; text-align: justify; margin-left: 40px;\"><span style=\"font-size: 14px;\">Os\u00a0<strong>professores de Portugu\u00eas para Estrangeiros<\/strong>\u00a0do\u00a0IMULTI s\u00e3o todos jovens\u00a0nativos brasileiros\u00a0e\u00a0altamente capacitados no idioma n\u00e3o somente como falantes do Portugu\u00eas, mas como estudiosos da l\u00edngua.<\/span><\/p>\n<p style=\"font-size: 13px; text-align: justify; margin-left: 40px;\"><span style=\"font-size: 14px;\">Al\u00e9m do ensino do idioma, nossos professores se preocupam em trazer um cen\u00e1rio cultural fiel ao aluno, de modo a inseri-lo\u00a0no estudo do idioma como um elemento cultural. Todos os nossos professores possuem diferentes backgrounds profissionais, o que traz um ensino mais rico para o aluno.<\/span><\/p>\n<p style=\"font-size: 13px; text-align: justify; margin-left: 40px;\"><em><span style=\"font-size: 14px;\">The Portuguese for Foreigners&#8217; teachers at IMULTI are all young brazilian natives and highly skilled on the language not only as Portuguese speakers, but as language\u00a0researchers.<\/span><\/em><\/p>\n<p style=\"font-size: 13px; text-align: justify; margin-left: 40px;\"><em><span style=\"font-size: 14px;\">Besides the language teaching, our teachers are concerned about bringing the student a real cultural background, in order to merge him\/her into\u00a0the language study as a cultural element. All our teachers have brought different professional backgrounds, which stands for the school and for the student as a positive and rich\u00a0teaching.<\/span><\/em><\/p>\n<h3 style=\"text-align: justify;\"><span style=\"font-size: 13px; line-height: 1.2em; color: #000000;\"><span style=\"font-family: 'lucida grande', tahoma, verdana, arial, sans-serif; font-size: 26px; line-height: 33px; text-align: center;\">\u270f\u00a0<\/span><\/span><strong style=\"font-size: 13px; line-height: 1.2em;\">Material did\u00e1tico de L\u00edngua Portuguesa<\/strong><\/h3>\n<p style=\"font-size: 13px; text-align: justify; margin-left: 40px;\"><span style=\"font-size: 14px;\">Utilizamos alguns materiais como material did\u00e1tico, dependendo da necessidade do aluno e da sua nacionalidade. A escola \u00e9 aberta a novos m\u00e9todos e se foca preferencialmente nas necessidades dos alunos.<\/span><\/p>\n<p style=\"font-size: 13px; text-align: justify; margin-left: 40px;\"><em><span style=\"font-size: 14px;\">The\u00a0didactic material vary depending on the student&#8217;s need\u00a0and his\/her nationality. Our school is open to new methods and always focused on the student&#8217;s needs.<\/span><\/em><\/p>\n<h4 style=\"font-size: 13px; text-align: justify;\"><span style=\"color: #000000;\"><span style=\"font-family: 'lucida grande', tahoma, verdana, arial, sans-serif; font-size: 26px; line-height: 33px; text-align: center;\">\u270f\u00a0<\/span><strong>Material de apoio (<em>Supporting Material<\/em>)<\/strong><\/span><\/h4>\n<p style=\"font-size: 13px; text-align: justify; margin-left: 40px;\"><span style=\"font-size: 14px;\">Como material de apoio, os professores normalmente utilizam\u00a0m\u00fasicas, revistas, livros, gibis, novelas, filmes e o que mais for pertinente para o aprendizado da\u00a0l\u00edngua portuguesa\u00a0de forma natural, focado tanto no discurso polido-formal quanto no informal.<\/span><\/p>\n<p style=\"font-size: 13px; text-align: justify; margin-left: 40px;\"><em><span style=\"font-size: 14px;\">As supporting material, teacher usually make use of songs, magazines, books, comics, soap operas, movies and whatever would be relevant for the Portuguese learning, in a natural way, focusing both on polite-formal speech and informal speech.<\/span><\/em><\/p>\n<p style=\"font-size: 13px; text-align: center;\"><img loading=\"lazy\" alt=\"Material didatico de portugues para estrangeiros\" class=\"alignnone size-medium wp-image-408\" data-id=\"408\" height=\"248\" src=\"http:\/\/imulti.com.br\/site2016\/wp-content\/uploads\/2014\/05\/biblioteca-pt-300x248.png\" width=\"300\" srcset=\"https:\/\/www.imulti.com.br\/site2016\/wp-content\/uploads\/2014\/05\/biblioteca-pt-300x248.png 300w, https:\/\/www.imulti.com.br\/site2016\/wp-content\/uploads\/2014\/05\/biblioteca-pt-66x55.png 66w, https:\/\/www.imulti.com.br\/site2016\/wp-content\/uploads\/2014\/05\/biblioteca-pt.png 411w\" sizes=\"(max-width: 300px) 100vw, 300px\" \/><\/p>\n<h3 style=\"text-align: justify;\"><strong>A L\u00edngua Portuguesa<\/strong><\/h3>\n<p style=\"font-size: 13px; text-align: justify;\"><span style=\"font-size: 14px;\">A <strong>L\u00edngua Portuguesa <\/strong>do Brasil tem origem no dialeto rom\u00e2nico\u00a0galego-portugu\u00eas, falado na regi\u00e3o de Galiza, em Portugal.\u00a0Com ra\u00edzes na mistura com\u00a0o latim vulgar (termo dado ao latim falado pelo povo) trazido pelos colonos em Portugal no s\u00e9culo III a.C., o\u00a0<strong>Portugu\u00eas<\/strong> que foi trazido ao Brasil sofreu influ\u00eancias de diversas outras l\u00ednguas em raz\u00e3o do contato com outros povos, como os ind\u00edgenas, africanos, europeus, etc.<\/span><\/p>\n<p style=\"font-size: 13px; text-align: justify;\"><span style=\"font-size: 14px;\">Hoje, o<strong> Portugu\u00eas Brasileiro<\/strong> \u00e9 uma l\u00edngua bastante difundida mundialmente, tendo reconhecimento por ser o Brasil a \u00fanica na\u00e7\u00e3o da Am\u00e9rica do Sul a ter o Portugu\u00eas como l\u00edngua nativa.<\/span><\/p>\n<p style=\"text-align: justify;\"><em><span style=\"font-size: 14px;\">The Brazilian\u00a0Portuguese Language has its origin in the Galician-Portuguese, which was\u00a0spoken at he Galiza region, in Portugal. The language has its roots in the Vulgar Latin (term given to the Latin spoken by the majority population) brought by the colonists from Portugal, in III b.C. Known\u00a0that, the <strong>Portuguese <\/strong>that was brought to Brazil has got influences of several other languages due to contact with other cultures, such as indigenas, african, european, etc.<\/span><\/em><\/p>\n<p style=\"text-align: justify;\"><em><span style=\"font-size: 14px;\">Nowadays, the Brazilian Portuguese is a world wide\u00a0well-known language and\u00a0has acknowledgment due to the fact it is the only South American\u00a0nation that speaks Portuguese, and not Spanish.<\/span><\/em><\/p>\n<h3 style=\"text-align: justify;\"><strong>Dados do pa\u00eds<\/strong><\/h3>\n<p style=\"font-size: 13px; text-align: justify;\"><span style=\"font-size: 14px;\"><strong>Nome<\/strong>:\u00a0Rep\u00fablica Federativa do Brasil<\/span><\/p>\n<p style=\"font-size: 13px; text-align: justify;\"><span style=\"font-size: 14px;\"><strong>Capital<\/strong>: Bras\u00edlia, DF<\/span><\/p>\n<p style=\"font-size: 13px; text-align: justify;\"><span style=\"font-size: 14px;\"><strong>Moeda<\/strong>: Real\u00a0(BRL)<\/span><\/p>\n<p><span style=\"font-size: 14px;\"><strong>Pa\u00edses que falam portugu\u00eas<\/strong>: Angola, Brasil, Cabo Verde, Guin\u00e9-Bissau, Mo\u00e7ambique, Portugal e S\u00e3o Tom\u00e9 e Pr\u00edncipe. \u00c9 tamb\u00e9m uma das l\u00ednguas oficiais da Guin\u00e9 Equatorial (com o espanhol e o franc\u00eas), Timor Leste (com o t\u00e9tum) e Macau (com o chin\u00eas). \u00c9 bastante falado, mas n\u00e3o oficial, em Andorra, Luxemburgo e Nam\u00edbia.\u00a0<\/span><\/p>\n<p><span style=\"font-size: 14px;\"><strong>Total de falantes da l\u00edngua portuguesa no mundo<\/strong>: aproximadamente 293 milh\u00f5es de pessoas (2023), sendo que o Brasil responde por cerca de 70% desse total.\u00a0<\/span><\/p>\n<p style=\"font-size: 13px; text-align: justify;\"><span style=\"font-size: 14px;\"><strong>Popula\u00e7\u00e3o total<\/strong>: 212.600.000 habitantes (dados de 1\u00ba de julho de 2024 \/ IBGE)<\/span><\/p>\n<p>&nbsp;<\/p>\n","protected":false},"excerpt":{"rendered":"<p>Curso de Portugu\u00eas para Estrangeiros (Portuguese for Foreigners) \u270c\u00a0\u00a0\u00a0 \u00a0P\u00fablico-alvo (target public) O Curso de Portugu\u00eas para Estrangeiros tem como p\u00fablico-alvo adolescentes, jovens e adultos n\u00e3o brasileiros\u00a0interessados\u2028 em aprender o [&hellip;]<\/p>\n","protected":false},"author":1,"featured_media":0,"comment_status":"closed","ping_status":"closed","sticky":false,"template":"","format":"standard","meta":{"_mi_skip_tracking":false,"_exactmetrics_sitenote_active":false,"_exactmetrics_sitenote_note":"","_exactmetrics_sitenote_category":0},"categories":[6],"tags":[],"_links":{"self":[{"href":"https:\/\/www.imulti.com.br\/site2016\/wp-json\/wp\/v2\/posts\/133"}],"collection":[{"href":"https:\/\/www.imulti.com.br\/site2016\/wp-json\/wp\/v2\/posts"}],"about":[{"href":"https:\/\/www.imulti.com.br\/site2016\/wp-json\/wp\/v2\/types\/post"}],"author":[{"embeddable":true,"href":"https:\/\/www.imulti.com.br\/site2016\/wp-json\/wp\/v2\/users\/1"}],"replies":[{"embeddable":true,"href":"https:\/\/www.imulti.com.br\/site2016\/wp-json\/wp\/v2\/comments?post=133"}],"version-history":[{"count":39,"href":"https:\/\/www.imulti.com.br\/site2016\/wp-json\/wp\/v2\/posts\/133\/revisions"}],"predecessor-version":[{"id":1358,"href":"https:\/\/www.imulti.com.br\/site2016\/wp-json\/wp\/v2\/posts\/133\/revisions\/1358"}],"wp:attachment":[{"href":"https:\/\/www.imulti.com.br\/site2016\/wp-json\/wp\/v2\/media?parent=133"}],"wp:term":[{"taxonomy":"category","embeddable":true,"href":"https:\/\/www.imulti.com.br\/site2016\/wp-json\/wp\/v2\/categories?post=133"},{"taxonomy":"post_tag","embeddable":true,"href":"https:\/\/www.imulti.com.br\/site2016\/wp-json\/wp\/v2\/tags?post=133"}],"curies":[{"name":"wp","href":"https:\/\/api.w.org\/{rel}","templated":true}]}}