{"id":118,"date":"2024-05-27T14:26:32","date_gmt":"2024-05-27T17:26:32","guid":{"rendered":"http:\/\/imulti.com.br\/site2015\/?p=118"},"modified":"2024-05-27T15:25:07","modified_gmt":"2024-05-27T18:25:07","slug":"coreano","status":"publish","type":"post","link":"https:\/\/www.imulti.com.br\/site2016\/coreano\/","title":{"rendered":"Coreano"},"content":{"rendered":"<p style=\"text-align: center;\"><div tabindex=\"0\" class=\"cycloneslider cycloneslider-template-standard cycloneslider-width-responsive\" id=\"cycloneslider-coreia-1\" style=\"max-width:684px\" > <div class=\"cycloneslider-slides cycle-slideshow\" data-cycle-allow-wrap=\"true\" data-cycle-dynamic-height=\"off\" data-cycle-auto-height=\"684:200\" data-cycle-auto-height-easing=\"null\" data-cycle-auto-height-speed=\"250\" data-cycle-delay=\"0\" data-cycle-easing=\"\" data-cycle-fx=\"fade\" data-cycle-hide-non-active=\"true\" data-cycle-log=\"false\" data-cycle-next=\"#cycloneslider-coreia-1 .cycloneslider-next\" data-cycle-pager=\"#cycloneslider-coreia-1 .cycloneslider-pager\" data-cycle-pause-on-hover=\"true\" data-cycle-prev=\"#cycloneslider-coreia-1 .cycloneslider-prev\" data-cycle-slides=\"&gt; div\" data-cycle-speed=\"1000\" data-cycle-swipe=\"1\" data-cycle-tile-count=\"7\" data-cycle-tile-delay=\"100\" data-cycle-tile-vertical=\"true\" data-cycle-timeout=\"3000\" > <div class=\"cycloneslider-slide cycloneslider-slide-image\" > <img src=\"https:\/\/www.imulti.com.br\/site2016\/wp-content\/uploads\/2014\/05\/banner-kr-1.jpg\" alt=\"\" title=\"\" \/> <\/div> <div class=\"cycloneslider-slide cycloneslider-slide-image\" > <img src=\"https:\/\/www.imulti.com.br\/site2016\/wp-content\/uploads\/2014\/05\/banner-kr-2.jpg\" alt=\"\" title=\"\" \/> <\/div> <div class=\"cycloneslider-slide cycloneslider-slide-image\" > <img src=\"https:\/\/www.imulti.com.br\/site2016\/wp-content\/uploads\/2014\/05\/banner-kr-4.jpg\" alt=\"\" title=\"\" \/> <\/div> <\/div> <div class=\"cycloneslider-pager\"><\/div> <a href=\"#\" class=\"cycloneslider-prev\"> <span class=\"arrow\"><\/span> <\/a> <a href=\"#\" class=\"cycloneslider-next\"> <span class=\"arrow\"><\/span> <\/a> <\/div><\/p>\n<h2 style=\"text-align: justify;\"><strong>Curso de Coreano em S\u00e3o Paulo<\/strong><\/h2>\n<h3 style=\"text-align: justify;\"><strong>Informa\u00e7\u00f5es do curso de coreano<\/strong><\/h3>\n<h4 style=\"text-align: justify;\"><span style=\"color: #000000; font-family: 'lucida grande', tahoma, verdana, arial, sans-serif; font-size: 26px; line-height: 33px; text-align: center;\">\u270c<\/span><strong><span style=\"font-size: 26px;\">\u00a0 \u00a0\u00a0<\/span>P\u00fablico-alvo<\/strong><\/h4>\n<p style=\"text-align: justify; margin-left: 40px;\">O <strong style=\"font-size: 13px; text-align: justify;\">curso de coreano\u00a0<\/strong>\u00e9 voltado para adolescentes, jovens e adultos.<\/p>\n<h4><span style=\"color: #000000; font-family: 'lucida grande', tahoma, verdana, arial, sans-serif; font-size: 26px; line-height: 33px; text-align: center;\">\u270e<\/span><strong><span style=\"font-size: 26px;\">\u00a0\u00a0<\/span>Dura\u00e7\u00e3o<\/strong><\/h4>\n<p style=\"text-align: justify; margin-left: 40px;\">O <strong>curso de coreano <\/strong>est\u00e1 dividido em 8 est\u00e1gios, cada um com dura\u00e7\u00e3o de 27h (VIP) a 30h (Grupo).<\/p>\n<ol style=\"margin-left: 40px;\">\n<li style=\"text-align: justify;\">B\u00e1sico I<\/li>\n<li style=\"text-align: justify;\">B\u00e1sico II<\/li>\n<li style=\"text-align: justify;\">Pr\u00e9-intermedi\u00e1rio<\/li>\n<li style=\"text-align: justify;\">Intermedi\u00e1rio I<\/li>\n<li style=\"text-align: justify;\">Intermedi\u00e1rio II<\/li>\n<li style=\"text-align: justify;\">Pr\u00e9-Avan\u00e7ado<\/li>\n<li style=\"text-align: justify;\">Avan\u00e7ado I<\/li>\n<li style=\"text-align: justify;\">Avan\u00e7ado II<\/li>\n<\/ol>\n<h4><strong><span style=\"font-size: 26px;\">\u00a0\u2713 \u00a0<\/span>Abrang\u00eancia<\/strong><\/h4>\n<p style=\"text-align: justify; margin-left: 40px;\">O\u00a0<strong>curso de coreano<\/strong>\u00a0abrange todas as compet\u00eancias de aprendizado: leitura, escrita, conversa\u00e7\u00e3o e audi\u00e7\u00e3o.<\/p>\n<h4><strong><span style=\"font-size: 26px;\">\u260c<\/span>\u00a0 \u00a0Hor\u00e1rios<\/strong><\/h4>\n<p style=\"text-align: justify; margin-left: 40px;\"><a href=\"http:\/\/imulti.com.br\/novas-turmas-de-lingua-coreana\/\" target=\"_blank\" rel=\"noopener\">Novas turmas b\u00e1sicas<\/a> do\u00a0<strong>curso de coreano\u00a0<\/strong>est\u00e3o sempre abrindo no in\u00edcio de cada semestre. <a href=\"http:\/\/imulti.com.br\/site2015\/contato\/\">Entre em contato<\/a> para mais informa\u00e7\u00f5es.<\/p>\n<h4><strong><span style=\"font-size: 26px;\">\u273e<\/span>\u00a0 \u00a0 Doc\u00eancia<\/strong><\/h4>\n<p style=\"text-align: justify; margin-left: 40px;\">Os\u00a0<strong>professores do curso de coreano<\/strong>\u00a0do\u00a0IMULTI s\u00e3o jovens, altamente capacitados no idioma e, obviamente, inseridos na cultura popular coreana, de modo a trazer um cen\u00e1rio mais fiel aos alunos do\u00a0<strong>curso de coreano<\/strong>. Todos os nossos professores possuem diferentes backgrounds profissionais.<\/p>\n<p style=\"text-align: justify; margin-left: 40px;\">Temos <strong>professores nativos coreanos<\/strong>, professores descendentes e professores n\u00e3o-descendentes de coreanos, mas que possuem alto conhecimento da l\u00edngua, alcan\u00e7ados atrav\u00e9s de anos de estudo.<\/p>\n<h3 style=\"text-align: justify;\"><strong>Material did\u00e1tico de coreano<\/strong><\/h3>\n<h4><span style=\"color: #000000; font-family: 'lucida grande', tahoma, verdana, arial, sans-serif; font-size: 26px; line-height: 33px; text-align: center;\">\u270f\u00a0<\/span><span style=\"line-height: 1.2em; text-align: justify; color: #000000;\"><strong>Material did\u00e1tico (em Portugu\u00eas!)<\/strong><\/span><\/h4>\n<p style=\"font-size: 13px; text-align: justify; margin-left: 40px;\">O\u00a0<strong>IMULTI <\/strong>desenvolveu um <strong>material did\u00e1tico de l\u00edngua coreana<\/strong>, totalmente em Portugu\u00eas, especialmente para seus alunos. O <strong>material did\u00e1tico com explica\u00e7\u00f5es em portugu\u00eas<\/strong> j\u00e1 est\u00e1 em uso desde 2014<span style=\"line-height: 1.6em;\">.<\/span><\/p>\n<p style=\"font-size: 13px; text-align: justify; margin-left: 40px;\">Clique para baixar o PDF de\u00a0exemplo do\u00a0<strong>material did\u00e1tico de coreano<\/strong>.<\/p>\n<p style=\"margin-left: 40px;\"><img loading=\"lazy\" alt=\"Apostilas de Coreano Imulti\" class=\"size-full wp-image-594 alignnone\" data-id=\"594\" src=\"http:\/\/imulti.com.br\/site2016\/wp-content\/uploads\/2014\/05\/apostilas-coreano-imulti.jpg\" style=\"opacity: 0.9; line-height: 20.8px; margin-top: 10px; margin-bottom: 10px;\" title=\"Apostilas de Coreano Imulti\" width=\"445\" height=\"210\" srcset=\"https:\/\/www.imulti.com.br\/site2016\/wp-content\/uploads\/2014\/05\/apostilas-coreano-imulti.jpg 445w, https:\/\/www.imulti.com.br\/site2016\/wp-content\/uploads\/2014\/05\/apostilas-coreano-imulti-300x141.jpg 300w, https:\/\/www.imulti.com.br\/site2016\/wp-content\/uploads\/2014\/05\/apostilas-coreano-imulti-116x55.jpg 116w, https:\/\/www.imulti.com.br\/site2016\/wp-content\/uploads\/2014\/05\/apostilas-coreano-imulti-210x100.jpg 210w\" sizes=\"(max-width: 445px) 100vw, 445px\" \/><\/p>\n<p style=\"text-align: justify; margin-left: 40px;\"><a href=\"http:\/\/imulti.com.br\/site2016\/wp-content\/uploads\/2014\/05\/apostila-sample.pdf\" target=\"_blank\" rel=\"noopener\"><img loading=\"lazy\" alt=\"Material didatico de coreano em coreano\" class=\"alignnone size-full wp-image-339\" data-id=\"339\" src=\"http:\/\/imulti.com.br\/site2016\/wp-content\/uploads\/2014\/05\/images-26.jpeg\" style=\"opacity: 0.9;\" title=\"material didatico de coreano\" width=\"32\" height=\"32\" \/><\/a>\u00a0<strong><a href=\"http:\/\/imulti.com.br\/site2016\/wp-content\/uploads\/2014\/05\/Apostila-exemplo.pdf\">Download do PDF de exemplo da Apostila<\/a><\/strong><\/p>\n<h4 style=\"text-align: justify;\"><span style=\"color: #000000; font-family: 'lucida grande', tahoma, verdana, arial, sans-serif; font-size: 26px; line-height: 33px; text-align: center;\">\u270f\u00a0<\/span><span style=\"color: #000000;\"><strong>Material did\u00e1tico de coreano adicional<\/strong><\/span><\/h4>\n<p style=\"text-align: justify; margin-left: 40px;\">Como\u00a0<strong>material did\u00e1tico de coreano<\/strong>\u00a0adicional, os professores utilizam de m\u00fasicas, revistas, livros, manwha, novelas, filmes e o que mais for pertinente para o aprendizado da\u00a0<strong>l\u00edngua coreana<\/strong>\u00a0de forma natural, focado tanto no discurso polido-formal quanto no informal.<\/p>\n<p style=\"text-align: center;\"><img loading=\"lazy\" alt=\"\" class=\"alignnone size-full wp-image-360\" data-id=\"360\" src=\"http:\/\/imulti.com.br\/site2016\/wp-content\/uploads\/2014\/05\/biblioteca.png\" width=\"507\" height=\"420\" srcset=\"https:\/\/www.imulti.com.br\/site2016\/wp-content\/uploads\/2014\/05\/biblioteca.png 507w, https:\/\/www.imulti.com.br\/site2016\/wp-content\/uploads\/2014\/05\/biblioteca-300x248.png 300w, https:\/\/www.imulti.com.br\/site2016\/wp-content\/uploads\/2014\/05\/biblioteca-66x55.png 66w, https:\/\/www.imulti.com.br\/site2016\/wp-content\/uploads\/2014\/05\/biblioteca-470x389.png 470w\" sizes=\"(max-width: 507px) 100vw, 507px\" \/><\/p>\n<p style=\"font-size: 13px; text-align: justify;\"><span style=\"font-size: 13px; line-height: 20.8px; text-align: justify;\">\u00a0<\/span><\/p>\n<h3 style=\"text-align: justify;\"><strong>Fotos das turmas de Coreano da Imulti<\/strong><\/h3>\n\n\t\t<style type=\"text\/css\">\n\t\t\t#gallery-1 {\n\t\t\t\tmargin: auto;\n\t\t\t}\n\t\t\t#gallery-1 .gallery-item {\n\t\t\t\tfloat: left;\n\t\t\t\tmargin-top: 10px;\n\t\t\t\ttext-align: center;\n\t\t\t\twidth: 33%;\n\t\t\t}\n\t\t\t#gallery-1 img {\n\t\t\t\tborder: 2px solid #cfcfcf;\n\t\t\t}\n\t\t\t#gallery-1 .gallery-caption {\n\t\t\t\tmargin-left: 0;\n\t\t\t}\n\t\t\t\/* see gallery_shortcode() in wp-includes\/media.php *\/\n\t\t<\/style>\n\t\t<div id='gallery-1' class='gallery galleryid-118 gallery-columns-3 gallery-size-thumbnail'><dl class='gallery-item'>\n\t\t\t<dt class='gallery-icon landscape'>\n\t\t\t\t<a href='https:\/\/www.imulti.com.br\/site2016\/coreano\/attachment\/1418508034032\/'><img width=\"150\" height=\"150\" src=\"https:\/\/www.imulti.com.br\/site2016\/wp-content\/uploads\/2014\/05\/1418508034032-150x150.jpg\" class=\"attachment-thumbnail size-thumbnail\" alt=\"\" loading=\"lazy\" aria-describedby=\"gallery-1-628\" \/><\/a>\n\t\t\t<\/dt>\n\t\t\t\t<dd class='wp-caption-text gallery-caption' id='gallery-1-628'>\n\t\t\t\tClasse de Coreano &#8211; B\u00e1sico 2\n\t\t\t\t<\/dd><\/dl><dl class='gallery-item'>\n\t\t\t<dt class='gallery-icon landscape'>\n\t\t\t\t<a href='https:\/\/www.imulti.com.br\/site2016\/coreano\/attachment\/1431831514492\/'><img width=\"150\" height=\"150\" src=\"https:\/\/www.imulti.com.br\/site2016\/wp-content\/uploads\/2014\/05\/1431831514492-e1442270504236-150x150.jpeg\" class=\"attachment-thumbnail size-thumbnail\" alt=\"\" loading=\"lazy\" aria-describedby=\"gallery-1-629\" srcset=\"https:\/\/www.imulti.com.br\/site2016\/wp-content\/uploads\/2014\/05\/1431831514492-e1442270504236-150x150.jpeg 150w, https:\/\/www.imulti.com.br\/site2016\/wp-content\/uploads\/2014\/05\/1431831514492-e1442270504236-300x300.jpeg 300w, https:\/\/www.imulti.com.br\/site2016\/wp-content\/uploads\/2014\/05\/1431831514492-e1442270504236.jpeg 960w\" sizes=\"(max-width: 150px) 100vw, 150px\" \/><\/a>\n\t\t\t<\/dt>\n\t\t\t\t<dd class='wp-caption-text gallery-caption' id='gallery-1-629'>\n\t\t\t\tClasse de Coreano &#8211; B\u00e1sico 2\n\t\t\t\t<\/dd><\/dl><dl class='gallery-item'>\n\t\t\t<dt class='gallery-icon landscape'>\n\t\t\t\t<a href='https:\/\/www.imulti.com.br\/site2016\/coreano\/attachment\/1405806255884\/'><img width=\"150\" height=\"150\" src=\"https:\/\/www.imulti.com.br\/site2016\/wp-content\/uploads\/2014\/05\/1405806255884-150x150.jpg\" class=\"attachment-thumbnail size-thumbnail\" alt=\"\" loading=\"lazy\" aria-describedby=\"gallery-1-630\" \/><\/a>\n\t\t\t<\/dt>\n\t\t\t\t<dd class='wp-caption-text gallery-caption' id='gallery-1-630'>\n\t\t\t\tClasse de Coreano &#8211; B\u00e1sico 2\n\t\t\t\t<\/dd><\/dl><br style=\"clear: both\" \/>\n\t\t<\/div>\n\n<h3 style=\"text-align: justify;\"><strong>O alfabeto coreano (Hangeul)<\/strong><\/h3>\n<p style=\"font-size: 13px; text-align: justify;\">Conhecido como <strong>Hangeul<\/strong>, o <strong>alfabeto coreano <\/strong>\u00e9 composto por consoantes e vogais que se recombinam para formar palavras.<\/p>\n<p style=\"font-size: 13px; text-align: justify;\"><strong>Exemplos<\/strong>:<\/p>\n<table style=\"width: 400px;\" cellspacing=\"1\" cellpadding=\"1\">\n<tbody>\n<tr>\n<td style=\"text-align: center;\"><strong>Hangeul<\/strong><\/td>\n<td style=\"text-align: center;\"><strong>Som<\/strong><\/td>\n<td colspan=\"2\" rowspan=\"1\" style=\"text-align: center;\"><strong>Combina\u00e7\u00e3o<\/strong><\/td>\n<\/tr>\n<tr>\n<td>\n<p style=\"text-align: center;\">\u3134<\/p>\n<p style=\"text-align: center;\">\u3145<\/p>\n<p style=\"text-align: center;\">\u314f<\/p>\n<p style=\"text-align: center;\">\u3157<\/p>\n<\/td>\n<td>\n<p style=\"text-align: center;\">n<\/p>\n<p style=\"text-align: center;\">s<\/p>\n<p style=\"text-align: center;\">a<\/p>\n<p style=\"text-align: center;\">o<\/p>\n<\/td>\n<td>\n<p style=\"text-align: center;\">\u3134 + \u314f<\/p>\n<p style=\"text-align: center;\">\u3145 + \u3157<\/p>\n<p style=\"text-align: center;\">\u3145 + \u3157 + \u3134<\/p>\n<p style=\"text-align: center;\">\u3145 + \u314f + \u3134<\/p>\n<\/td>\n<td><span style=\"font-size: 13px; text-align: center;\">= \ub098 <em>[na]<\/em>\u00a0&#8211;\u00a0eu<\/span><\/p>\n<p><span style=\"font-size: 13px; text-align: center;\">= \uc18c <em>[so]<\/em>\u00a0&#8211;\u00a0vaca<\/span><\/p>\n<p><span style=\"font-size: 13px; text-align: center;\">= \uc190 <em>[son]<\/em>\u00a0&#8211;\u00a0bra\u00e7o<\/span><\/p>\n<p><span style=\"font-size: 13px; text-align: center;\">= \uc0b0\u00a0<\/span><em style=\"font-size: 13px; text-align: center;\">[san]<\/em><span style=\"font-size: 13px; text-align: center;\">\u00a0&#8211; montanha<\/span><\/td>\n<\/tr>\n<\/tbody>\n<\/table>\n<h4 style=\"font-size: 13px; text-align: justify;\"><strong>Estrutura gramatical<\/strong><\/h4>\n<p style=\"font-size: 13px; text-align: justify;\">A estrutura b\u00e1sica da <strong>l\u00edngua coreana<\/strong> \u00e9 a forma\u00e7\u00e3o:<\/p>\n<p style=\"font-size: 13px; text-align: center;\"><strong>SUJEITO &#8211; OBJETO &#8211; VERBO<\/strong><\/p>\n<p style=\"font-size: 13px; text-align: justify;\">O verbo sempre vem ao final da senten\u00e7a, diferentemente do Portugu\u00eas.<\/p>\n<p style=\"font-size: 13px; text-align: justify;\">Exemplo:<\/p>\n<p style=\"font-size: 13px; text-align: justify;\"><em>Ana vai ao mercado.<\/em><\/p>\n<p style=\"font-size: 13px; text-align: justify;\"><strong><span style=\"font-size: 14px;\"><u>\uc544\ub098<\/u>\uac00 <u>\uc2dc\uc7a5<\/u>\uc5d0 <u>\uac00\uc694<\/u>. (a.na.ga\u00a0shi.jang.e\u00a0ga.yo)<\/span><\/strong><br \/>\n<span style=\"font-size: 11px;\">[Ana] \u00a0[mercado] \u00a0[vai]<\/span><\/p>\n<h4 style=\"font-size: 13px; text-align: justify;\"><strong>Part\u00edculas<\/strong><\/h4>\n<p style=\"font-size: 13px; text-align: justify;\">A <strong>l\u00edngua coreana<\/strong> possui algumas estruturas n\u00e3o existentes na l\u00edngua portuguesa, como \u00e9 o caso das <em>part\u00edculas<\/em>. Cada uma carrega uma fun\u00e7\u00e3o sint\u00e1tica para o elemento ao qual a part\u00edcula est\u00e1 ligada.<\/p>\n<p style=\"font-size: 13px; text-align: justify;\">Na senten\u00e7a acima, podemos identificar duas part\u00edculas:\u00a0<strong><span style=\"line-height: 1.6em;\">\uac00 e \uc5d0<\/span><\/strong><\/p>\n<p style=\"font-size: 13px; text-align: justify;\"><strong>\uac00<\/strong>\u00a0(ga)\u00a0&#8211; part\u00edcula de sujeito (indica que Ana \u00e9 o sujeito da senten\u00e7a)<\/p>\n<p style=\"font-size: 13px; text-align: justify;\"><strong>\uc5d0<\/strong>\u00a0(e) &#8211; part\u00edcula de dire\u00e7\u00e3o (preposi\u00e7\u00e3o\u00a0<em>para<\/em>)<\/p>\n<h3 style=\"text-align: justify;\"><strong>Curso de Coreano em S\u00e3o Paulo<\/strong><\/h3>\n<p style=\"text-align: justify;\"><img loading=\"lazy\" alt=\"Classe de aula\" class=\"size-medium wp-image-92 alignleft\" data-id=\"92\" src=\"http:\/\/imulti.com.br\/site2016\/wp-content\/uploads\/2014\/05\/imulti-01-300x200.jpg\" style=\"margin-right: 20px;\" title=\"Curso de coreano em sp\" width=\"300\" height=\"200\" srcset=\"https:\/\/www.imulti.com.br\/site2016\/wp-content\/uploads\/2014\/05\/imulti-01-300x200.jpg 300w, https:\/\/www.imulti.com.br\/site2016\/wp-content\/uploads\/2014\/05\/imulti-01-82x55.jpg 82w, https:\/\/www.imulti.com.br\/site2016\/wp-content\/uploads\/2014\/05\/imulti-01-470x313.jpg 470w, https:\/\/www.imulti.com.br\/site2016\/wp-content\/uploads\/2014\/05\/imulti-01.jpg 600w\" sizes=\"(max-width: 300px) 100vw, 300px\" \/>A capital paulistana tem o privil\u00e9gio de abrigar a maior comunidade coreana do Brasil, fato esse que propiciou uma maior procura por escolas que ofere\u00e7am\u00a0<strong>curso de l\u00edngua coreana\u00a0<\/strong>e, consequentemente, uma iniciativa maior em criar\u00a0<strong>curso de coreano em S\u00e3o Paulo<\/strong>.<\/p>\n<p style=\"text-align: justify;\">A procura por escolas com\u00a0<strong>curso de coreano em S\u00e3o Paulo<\/strong>\u00a0tem crescido nitidamente nos \u00faltimos anos principalmente por dois motivos: a visibilidade que a\u00a0cultura popular coreana\u00a0alcan\u00e7ou no Brasil e em grande parte do ocidente, e o aumento de multinacionais sul-coreanas no Brasil.<\/p>\n<p style=\"text-align: justify;\">O IMULTI, localizado em S\u00e3o Paulo h\u00e1 mais de uma d\u00e9cada, se antecipou para oferecer um <strong>curso de coreano em S\u00e3o Paulo <\/strong>que abarque e considere as necessidades dos interessados.<\/p>\n<h4 style=\"font-size: 13px; text-align: justify;\"><strong>O IMULTI e seu curso de coreano<\/strong><\/h4>\n<p style=\"font-size: 13px; line-height: 20.8px; text-align: justify;\"><span style=\"line-height: 1.6em;\">Interessado em garantir a seus alunos uma \u00f3tima experi\u00eancia de estudo da <strong>l\u00edngua coreana<\/strong>, o\u00a0IMULTI se preocupou em desenvolver um\u00a0<\/span><strong style=\"line-height: 1.6em;\">curso de coreano <\/strong><span style=\"line-height: 1.6em;\">que atenda aos requisitos dos alunos interessados no idioma, ou seja, tanto para f\u00e3s da cultura popular quanto para profissionais que tenham inten\u00e7\u00f5es de trabalho com a\u00a0<\/span><strong style=\"line-height: 1.6em;\">l\u00edngua coreana<\/strong><span style=\"line-height: 1.6em;\">.<\/span><\/p>\n<p style=\"font-size: 13px; line-height: 20.8px; text-align: justify;\"><span style=\"font-size: 13px; line-height: 20.8px; text-align: justify;\">O IMULTI tem se esfor\u00e7ado para trazer aos interessados na <\/span><strong style=\"font-size: 13px; line-height: 20.8px; text-align: justify;\">cultura coreana\u00a0<\/strong><span style=\"font-size: 13px; line-height: 20.8px; text-align: justify;\">um\u00a0<\/span><strong style=\"font-size: 13px; line-height: 20.8px; text-align: justify;\">curso de coreano\u00a0<\/strong><span style=\"font-size: 13px; line-height: 20.8px; text-align: justify;\">completo, did\u00e1tico e, principalmente, que ofere\u00e7a experi\u00eancias incr\u00edveis a partir dessa cultura t\u00e3o rica que \u00e9 a\u00a0<\/span><strong style=\"font-size: 13px; line-height: 20.8px; text-align: justify;\">cultura coreana<\/strong><span style=\"font-size: 13px; line-height: 20.8px; text-align: justify;\">.<\/span><\/p>\n<p style=\"font-size: 13px; line-height: 20.8px; text-align: justify;\"><span style=\"font-size: 13px; line-height: 20.8px; text-align: justify;\">De in\u00edcio, a possibilidade de oferecer um <strong>curso de coreano <\/strong>\u00e9\u00a0limitada\u00a0\u00e0 localiza\u00e7\u00e3o da escola,\u00a0em S\u00e3o Paulo, no entanto a ideia \u00e9\u00a0criar um <strong>curso de coreano online <\/strong>tamb\u00e9m, de foram que\u00a0abranja p\u00fablicos fora de S\u00e3o Paulo. Sabemos da necessidade dos interessados e queremos que todos possam ter acesso a um <strong>curso de coreano <\/strong>de qualidade, independentemente de sua localiza\u00e7\u00e3o!<\/span><\/p>\n<h4 style=\"text-align: justify;\"><strong>O boom da cultura coreana<\/strong><\/h4>\n<p style=\"text-align: justify;\">A populariza\u00e7\u00e3o da cultura sul-coreana no ocidente n\u00e3o \u00e9 de agora. O\u00a0K-pop\u00a0(g\u00eanero musical coreano que teve in\u00edcio na \u00c1sia na d\u00e9cada de 90 e no Brasil a partir de 2008) trouxe consigo uma verdadeira onda coreana ou <em>hallyu<\/em> (\ud55c\ub958), que inclui tamb\u00e9m as novelas, a m\u00fasica cl\u00e1ssica, o cinema, as artes pl\u00e1sticas, a moda e a dan\u00e7a.<\/p>\n<h3 style=\"text-align: justify;\"><img loading=\"lazy\" alt=\"super junior\" class=\"size-full wp-image-365 aligncenter\" data-id=\"365\" src=\"http:\/\/imulti.com.br\/site2016\/wp-content\/uploads\/2014\/05\/20111230001379_0.jpg\" style=\"opacity: 0.9;\" title=\"\" width=\"400\" height=\"170\" srcset=\"https:\/\/www.imulti.com.br\/site2016\/wp-content\/uploads\/2014\/05\/20111230001379_0.jpg 500w, https:\/\/www.imulti.com.br\/site2016\/wp-content\/uploads\/2014\/05\/20111230001379_0-300x127.jpg 300w, https:\/\/www.imulti.com.br\/site2016\/wp-content\/uploads\/2014\/05\/20111230001379_0-129x55.jpg 129w, https:\/\/www.imulti.com.br\/site2016\/wp-content\/uploads\/2014\/05\/20111230001379_0-470x199.jpg 470w\" sizes=\"(max-width: 400px) 100vw, 400px\" \/><\/h3>\n<p style=\"text-align: justify;\"><span style=\"font-size: 13px; line-height: 1.6em;\">Hoje, o\u00a0K-pop\u00a0tem desempenhado um importante papel na cultura pop de jovens brasileiros, tanto musical quanto comportamental. O estilo despojado e moderno dos artistas K-pop servem de inspira\u00e7\u00e3o para jovens que enxergam na m\u00fasica e na arte popular um estilo e uma tend\u00eancia a ser seguida, uma esp\u00e9cie de identifica\u00e7\u00e3o comportamental da \u00faltima d\u00e9cada.\u2028\u2028<\/span><\/p>\n<h4 style=\"text-align: justify;\"><strong>A l\u00edngua coreana no Brasil<\/strong><\/h4>\n<p style=\"text-align: justify;\">No Brasil, cerca de 90% da comunidade coreana est\u00e1 concentrada na cidade de S\u00e3o Paulo, totalizando em torno de 140 mil pessoas no bairro do Bom Retiro. Dessa popula\u00e7\u00e3o, grande parte ainda s\u00e3o coreanos nativos, uma vez que a imigra\u00e7\u00e3o coreana para o Brasil ainda \u00e9 recente.\u00a0Assim, a\u00a0<strong>l\u00edngua coreana<\/strong>\u00a0ainda \u00e9 o idioma predominante nessa comunidade, muito mais que o Portugu\u00eas, falado mais pelos filhos e netos dos imigrantes.<\/p>\n<h4 style=\"text-align: justify;\"><strong>Cursos de coreano no Brasil<\/strong><\/h4>\n<p style=\"text-align: justify;\"><strong>Cursos de\u00a0coreano<\/strong>\u00a0no Brasil ainda s\u00e3o\u00a0escassos, no entanto o n\u00famero de <strong>escolas de l\u00edngua coreana<\/strong> t\u00eam crescido em fun\u00e7\u00e3o da grande procura por interessados, os quais s\u00e3o compostos\u00a0principalmente por pessoas influenciadas pelo <em>hallyu<\/em>. Alunos de\u00a0<strong>l\u00edngua coreana\u00a0no Brasil<\/strong>, no M\u00e9xico, no Jap\u00e3o, na\u00a0China, nos Estados Unidos e em pa\u00edses da Europa t\u00eam forte\u00a0influ\u00eancia da cultura popular coreana como motiva\u00e7\u00e3o de estudo.<\/p>\n<p style=\"text-align: justify;\">Ao mesmo tempo, o governo sul-coreano tem imprimido esfor\u00e7os para exportar a cultura coreana para o mundo, em forma de bolsas de estudo da <strong>l\u00edngua coreana <\/strong>na Coreia do Sul, de gradua\u00e7\u00e3o, mestrado e doutorado. As portas da Coreia do Sul t\u00eam sido abertas para o mundo, de modo que hoje em dia estudar coreano e encontrar uma <strong>escola de coreano <\/strong>n\u00e3o \u00e9 mais algo fora do comum.<\/p>\n<h4 style=\"text-align: justify;\"><\/h4>\n<h3 style=\"text-align: justify;\"><strong>Dados do pa\u00eds<\/strong><\/h3>\n<p style=\"text-align: justify;\"><strong>Nome<\/strong>:\u00a0\ub300\ud55c\ubbfc\uad6d (Taehanminguk)<\/p>\n<p style=\"text-align: justify;\"><strong>Capital<\/strong>: Seul<\/p>\n<p style=\"text-align: justify;\"><strong>Moeda<\/strong>: Won (KRW)<\/p>\n<p style=\"text-align: justify;\"><strong>Total de falantes da\u00a0l\u00edngua coreana\u00a0no mundo<\/strong>: 82 milh\u00f5es (2021)<\/p>\n<p style=\"text-align: justify;\"><strong>Popula\u00e7\u00e3o total<\/strong>: 51.630.000 habitantes (2022)<\/p>\n","protected":false},"excerpt":{"rendered":"<p>Curso de Coreano em S\u00e3o Paulo Informa\u00e7\u00f5es do curso de coreano \u270c\u00a0 \u00a0\u00a0P\u00fablico-alvo O curso de coreano\u00a0\u00e9 voltado para adolescentes, jovens e adultos. \u270e\u00a0\u00a0Dura\u00e7\u00e3o O curso de coreano est\u00e1 dividido [&hellip;]<\/p>\n","protected":false},"author":1,"featured_media":570,"comment_status":"closed","ping_status":"closed","sticky":false,"template":"","format":"standard","meta":{"_mi_skip_tracking":false,"_exactmetrics_sitenote_active":false,"_exactmetrics_sitenote_note":"","_exactmetrics_sitenote_category":0},"categories":[6],"tags":[9,13,10,12,8],"_links":{"self":[{"href":"https:\/\/www.imulti.com.br\/site2016\/wp-json\/wp\/v2\/posts\/118"}],"collection":[{"href":"https:\/\/www.imulti.com.br\/site2016\/wp-json\/wp\/v2\/posts"}],"about":[{"href":"https:\/\/www.imulti.com.br\/site2016\/wp-json\/wp\/v2\/types\/post"}],"author":[{"embeddable":true,"href":"https:\/\/www.imulti.com.br\/site2016\/wp-json\/wp\/v2\/users\/1"}],"replies":[{"embeddable":true,"href":"https:\/\/www.imulti.com.br\/site2016\/wp-json\/wp\/v2\/comments?post=118"}],"version-history":[{"count":76,"href":"https:\/\/www.imulti.com.br\/site2016\/wp-json\/wp\/v2\/posts\/118\/revisions"}],"predecessor-version":[{"id":1310,"href":"https:\/\/www.imulti.com.br\/site2016\/wp-json\/wp\/v2\/posts\/118\/revisions\/1310"}],"wp:featuredmedia":[{"embeddable":true,"href":"https:\/\/www.imulti.com.br\/site2016\/wp-json\/wp\/v2\/media\/570"}],"wp:attachment":[{"href":"https:\/\/www.imulti.com.br\/site2016\/wp-json\/wp\/v2\/media?parent=118"}],"wp:term":[{"taxonomy":"category","embeddable":true,"href":"https:\/\/www.imulti.com.br\/site2016\/wp-json\/wp\/v2\/categories?post=118"},{"taxonomy":"post_tag","embeddable":true,"href":"https:\/\/www.imulti.com.br\/site2016\/wp-json\/wp\/v2\/tags?post=118"}],"curies":[{"name":"wp","href":"https:\/\/api.w.org\/{rel}","templated":true}]}}