{"id":114,"date":"2024-05-27T15:25:56","date_gmt":"2024-05-27T18:25:56","guid":{"rendered":"http:\/\/imulti.com.br\/site2015\/?p=114"},"modified":"2024-05-27T15:35:19","modified_gmt":"2024-05-27T18:35:19","slug":"alemao","status":"publish","type":"post","link":"https:\/\/www.imulti.com.br\/site2016\/alemao\/","title":{"rendered":"Alem\u00e3o"},"content":{"rendered":"<h2>Curso de Alem\u00e3o<\/h2>\n<h4 style=\"font-size: 13px;\"><span style=\"color: #000000; font-family: 'lucida grande', tahoma, verdana, arial, sans-serif; font-size: 26px; line-height: 33px; text-align: center;\">\u270c<\/span><strong style=\"line-height: 1.2em; text-align: justify;\"><span style=\"font-size: 26px;\">\u00a0\u00a0<\/span>\u00a0 \u00a0P\u00fablico-alvo<\/strong><\/h4>\n<p style=\"font-size: 13px; line-height: 20.7999992370605px; margin-left: 40px;\"><span style=\"text-align: justify; line-height: 1.6em;\">O\u00a0<strong>Curso de Alem\u00e3o\u00a0<\/strong>tem como p\u00fablico-alvo adolescentes, jovens e adultos interessados\u2028 em aprender o idioma falado em pa\u00edses de l\u00edngua alem\u00e3, como a Alemanha, \u00c1ustria, B\u00e9lgica, entre outros.<\/span><\/p>\n<h4><strong><span style=\"font-size: 26px;\">\u00a0\u259e \u00a0<\/span>\u00a0Dura\u00e7\u00e3o<\/strong><\/h4>\n<p style=\"text-align: justify; margin-left: 40px;\">O <strong>curso de alem\u00e3o<\/strong> est\u00e1 dividido em 12 est\u00e1gios, cada um com dura\u00e7\u00e3o de 27h (VIP) a 30h (Grupo).<\/p>\n<ol style=\"margin-left: 40px;\">\n<li style=\"text-align: justify;\">B\u00e1sico I<\/li>\n<li style=\"text-align: justify;\">B\u00e1sico II<\/li>\n<li style=\"text-align: justify;\">B\u00e1sico III<\/li>\n<li style=\"text-align: justify;\">Pr\u00e9-Intermedi\u00e1rio I<\/li>\n<li style=\"text-align: justify;\">Pr\u00e9-Intermedi\u00e1rio II<\/li>\n<li style=\"text-align: justify;\">Pr\u00e9-Intermedi\u00e1rio III<\/li>\n<li style=\"text-align: justify;\">Intermedi\u00e1rio I<\/li>\n<li style=\"text-align: justify;\">Intermedi\u00e1rio II<\/li>\n<li>Intermedi\u00e1rio III<\/li>\n<li>Avan\u00e7ado 1<\/li>\n<li>Avan\u00e7ado 2<\/li>\n<li>Avan\u00e7ado 3<\/li>\n<\/ol>\n<h4 style=\"font-size: 13px;\"><strong><span style=\"font-size: 26px;\">\u00a0\u2713 \u00a0<\/span>Abrang\u00eancia\u00a0<\/strong><\/h4>\n<p style=\"font-size: 13px; line-height: 20.7999992370605px; text-align: justify; margin-left: 40px;\"><span style=\"font-size: 14px;\">O\u00a0<strong style=\"font-size: 13px;\">Curso de Alem\u00e3o\u00a0<\/strong>abrange todas as compet\u00eancias de aprendizado: leitura, escrita, conversa\u00e7\u00e3o e audi\u00e7\u00e3o.<\/span><\/p>\n<h4 style=\"font-size: 13px;\"><strong><span style=\"font-size: 26px;\">\u260c<\/span>\u00a0 \u00a0Hor\u00e1rios<\/strong><\/h4>\n<p style=\"font-size: 13px; line-height: 20.7999992370605px; margin-left: 40px;\"><span style=\"text-align: justify;\"><span style=\"font-size: 14px;\">As aulas de\u00a0<strong>Alem\u00e3o\u00a0<\/strong><\/span><\/span><span style=\"font-size: 14px; text-align: justify;\">podem ser realizadas tanto em grupo quanto\u00a0individualmente.\u00a0<\/span><span style=\"font-size: 14px; text-align: justify;\"><a href=\"http:\/\/imulti.com.br\/site2015\/contato\/\" target=\"_blank\" rel=\"noopener\">Entre em contato<\/a>\u00a0para mais informa\u00e7\u00f5es.<\/span><\/p>\n<h4 style=\"font-size: 13px;\"><strong><span style=\"font-size: 26px;\">\u273e<\/span>\u00a0 \u00a0 Doc\u00eancia<\/strong><\/h4>\n<p style=\"font-size: 13px; line-height: 20.7999992370605px; text-align: justify; margin-left: 40px;\"><span style=\"font-size: 14px;\">Os\u00a0<strong>professores de Alem\u00e3o\u00a0<\/strong>do\u00a0IMULTI s\u00e3o altamente capacitados no idioma n\u00e3o somente como falantes do idioma,\u00a0mas como estudiosos da l\u00edngua que podem contribuir com conte\u00fado cultural dos pa\u00edses falantes do idioma alem\u00e3o.<\/span><\/p>\n<p style=\"font-size: 13px; line-height: 20.7999992370605px; text-align: justify; margin-left: 40px;\"><span style=\"font-size: 14px;\">Al\u00e9m do ensino do idioma, nossos professores se preocupam em trazer um cen\u00e1rio cultural fiel ao aluno, de modo a inseri-lo\u00a0no estudo do idioma como um elemento cultural. Todos os nossos professores possuem diferentes backgrounds profissionais, o que traz um ensino mais rico para o aluno.<\/span><\/p>\n","protected":false},"excerpt":{"rendered":"<p>Curso de Alem\u00e3o \u270c\u00a0\u00a0\u00a0 \u00a0P\u00fablico-alvo O\u00a0Curso de Alem\u00e3o\u00a0tem como p\u00fablico-alvo adolescentes, jovens e adultos interessados\u2028 em aprender o idioma falado em pa\u00edses de l\u00edngua alem\u00e3, como a Alemanha, \u00c1ustria, B\u00e9lgica, [&hellip;]<\/p>\n","protected":false},"author":1,"featured_media":0,"comment_status":"closed","ping_status":"closed","sticky":false,"template":"","format":"standard","meta":{"_mi_skip_tracking":false,"_exactmetrics_sitenote_active":false,"_exactmetrics_sitenote_note":"","_exactmetrics_sitenote_category":0},"categories":[6],"tags":[],"_links":{"self":[{"href":"https:\/\/www.imulti.com.br\/site2016\/wp-json\/wp\/v2\/posts\/114"}],"collection":[{"href":"https:\/\/www.imulti.com.br\/site2016\/wp-json\/wp\/v2\/posts"}],"about":[{"href":"https:\/\/www.imulti.com.br\/site2016\/wp-json\/wp\/v2\/types\/post"}],"author":[{"embeddable":true,"href":"https:\/\/www.imulti.com.br\/site2016\/wp-json\/wp\/v2\/users\/1"}],"replies":[{"embeddable":true,"href":"https:\/\/www.imulti.com.br\/site2016\/wp-json\/wp\/v2\/comments?post=114"}],"version-history":[{"count":13,"href":"https:\/\/www.imulti.com.br\/site2016\/wp-json\/wp\/v2\/posts\/114\/revisions"}],"predecessor-version":[{"id":1312,"href":"https:\/\/www.imulti.com.br\/site2016\/wp-json\/wp\/v2\/posts\/114\/revisions\/1312"}],"wp:attachment":[{"href":"https:\/\/www.imulti.com.br\/site2016\/wp-json\/wp\/v2\/media?parent=114"}],"wp:term":[{"taxonomy":"category","embeddable":true,"href":"https:\/\/www.imulti.com.br\/site2016\/wp-json\/wp\/v2\/categories?post=114"},{"taxonomy":"post_tag","embeddable":true,"href":"https:\/\/www.imulti.com.br\/site2016\/wp-json\/wp\/v2\/tags?post=114"}],"curies":[{"name":"wp","href":"https:\/\/api.w.org\/{rel}","templated":true}]}}